{"id":1096,"date":"2023-11-02T14:40:14","date_gmt":"2023-11-02T14:40:14","guid":{"rendered":"https:\/\/inquietudearquitetura.pt\/?p=1096"},"modified":"2023-11-02T15:29:03","modified_gmt":"2023-11-02T15:29:03","slug":"juri-premios-espaco-2023","status":"publish","type":"post","link":"https:\/\/inquietudearquitetura.pt\/?p=1096","title":{"rendered":"J\u00fari &#8220;ESPA\u00c7O 2023 &#8211; Pr\u00e9mios Nacionais de Arquitetura 2023&#8221;"},"content":{"rendered":"\n<p style=\"font-size:clamp(14px, 0.875rem + ((1vw - 3.2px) * 0.088), 15px);font-style:normal;font-weight:100\">\u00c9 com um enorme prazer e sentido de responsabilidade que aceitamos integrar o j\u00fari do concurso &#8220;PR\u00c9MIOS ESPA\u00c7O &#8211; PR\u00c9MIOS NACIONAIS DE ARQUITETURA 2023&#8221;, promovido pela Revista Anteprojetos, representando a Inquietude Arquitetura o seu fundador, Arquiteto Paulo Vila Verde. <\/p>\n\n\n\n<p style=\"font-size:clamp(14px, 0.875rem + ((1vw - 3.2px) * 0.088), 15px);font-style:normal;font-weight:100\">Desde j\u00e1, o nosso humilde agradecimento \u00e0 organiza\u00e7\u00e3o pelo convite e pela oportunidade desta experi\u00eancia que nos permitir\u00e1 aprender mais sobre arquitetura com a companhia dos restantes membros do j\u00fari, grandes nomes da arquitetura nacional. Ser\u00e1 para n\u00f3s um privil\u00e9gio. <\/p>\n\n\n\n<p><\/p>\n\n\n\n<p><\/p>\n\n\n\n<p><\/p>\n","protected":false},"excerpt":{"rendered":"<p>\u00c9 com um enorme prazer e sentido de responsabilidade que aceitamos integrar o j\u00fari do concurso &#8220;PR\u00c9MIOS ESPA\u00c7O &#8211; PR\u00c9MIOS NACIONAIS DE ARQUITETURA 2023&#8221;, promovido pela Revista Anteprojetos, representando a Inquietude Arquitetura o seu fundador, Arquiteto Paulo Vila Verde. Desde j\u00e1, o nosso humilde agradecimento \u00e0 organiza\u00e7\u00e3o pelo convite e pela oportunidade desta experi\u00eancia que &hellip; <\/p>\n<p class=\"link-more\"><a href=\"https:\/\/inquietudearquitetura.pt\/?p=1096\" class=\"more-link\">Read more<span class=\"screen-reader-text\"> &#8220;J\u00fari &#8220;ESPA\u00c7O 2023 &#8211; Pr\u00e9mios Nacionais de Arquitetura 2023&#8221;&#8221;<\/span><\/a><\/p>\n","protected":false},"author":1,"featured_media":1097,"comment_status":"closed","ping_status":"closed","sticky":false,"template":"","format":"standard","meta":{"footnotes":""},"categories":[9],"tags":[],"class_list":["post-1096","post","type-post","status-publish","format-standard","has-post-thumbnail","hentry","category-eventos"],"_links":{"self":[{"href":"https:\/\/inquietudearquitetura.pt\/index.php?rest_route=\/wp\/v2\/posts\/1096","targetHints":{"allow":["GET"]}}],"collection":[{"href":"https:\/\/inquietudearquitetura.pt\/index.php?rest_route=\/wp\/v2\/posts"}],"about":[{"href":"https:\/\/inquietudearquitetura.pt\/index.php?rest_route=\/wp\/v2\/types\/post"}],"author":[{"embeddable":true,"href":"https:\/\/inquietudearquitetura.pt\/index.php?rest_route=\/wp\/v2\/users\/1"}],"replies":[{"embeddable":true,"href":"https:\/\/inquietudearquitetura.pt\/index.php?rest_route=%2Fwp%2Fv2%2Fcomments&post=1096"}],"version-history":[{"count":8,"href":"https:\/\/inquietudearquitetura.pt\/index.php?rest_route=\/wp\/v2\/posts\/1096\/revisions"}],"predecessor-version":[{"id":1133,"href":"https:\/\/inquietudearquitetura.pt\/index.php?rest_route=\/wp\/v2\/posts\/1096\/revisions\/1133"}],"wp:featuredmedia":[{"embeddable":true,"href":"https:\/\/inquietudearquitetura.pt\/index.php?rest_route=\/wp\/v2\/media\/1097"}],"wp:attachment":[{"href":"https:\/\/inquietudearquitetura.pt\/index.php?rest_route=%2Fwp%2Fv2%2Fmedia&parent=1096"}],"wp:term":[{"taxonomy":"category","embeddable":true,"href":"https:\/\/inquietudearquitetura.pt\/index.php?rest_route=%2Fwp%2Fv2%2Fcategories&post=1096"},{"taxonomy":"post_tag","embeddable":true,"href":"https:\/\/inquietudearquitetura.pt\/index.php?rest_route=%2Fwp%2Fv2%2Ftags&post=1096"}],"curies":[{"name":"wp","href":"https:\/\/api.w.org\/{rel}","templated":true}]}}