{"id":1136,"date":"2023-11-01T11:23:12","date_gmt":"2023-11-01T11:23:12","guid":{"rendered":"https:\/\/inquietudearquitetura.pt\/?p=1136"},"modified":"2023-11-18T11:25:27","modified_gmt":"2023-11-18T11:25:27","slug":"livro-lancamento-para-breve","status":"publish","type":"post","link":"https:\/\/inquietudearquitetura.pt\/?p=1136","title":{"rendered":"LIVRO : Lan\u00e7amento para breve"},"content":{"rendered":"\n<p style=\"font-size:clamp(14px, 0.875rem + ((1vw - 3.2px) * 0.088), 15px);\">30 meses de investiga\u00e7\u00e3o sobre o modernismo dos anos 30 em Portugal, 300 p\u00e1ginas escritas!!! Altura de revis\u00f5es e n\u00e3o tarda est\u00e1 c\u00e1 fora!!! Mais um contributo para a hist\u00f3ria da arquitetura nacional! <\/p>\n","protected":false},"excerpt":{"rendered":"<p>30 meses de investiga\u00e7\u00e3o sobre o modernismo dos anos 30 em Portugal, 300 p\u00e1ginas escritas!!! Altura de revis\u00f5es e n\u00e3o tarda est\u00e1 c\u00e1 fora!!! Mais um contributo para a hist\u00f3ria da arquitetura nacional!<\/p>\n","protected":false},"author":1,"featured_media":1137,"comment_status":"closed","ping_status":"closed","sticky":false,"template":"","format":"standard","meta":{"footnotes":""},"categories":[8],"tags":[],"class_list":["post-1136","post","type-post","status-publish","format-standard","has-post-thumbnail","hentry","category-publicacoes"],"_links":{"self":[{"href":"https:\/\/inquietudearquitetura.pt\/index.php?rest_route=\/wp\/v2\/posts\/1136","targetHints":{"allow":["GET"]}}],"collection":[{"href":"https:\/\/inquietudearquitetura.pt\/index.php?rest_route=\/wp\/v2\/posts"}],"about":[{"href":"https:\/\/inquietudearquitetura.pt\/index.php?rest_route=\/wp\/v2\/types\/post"}],"author":[{"embeddable":true,"href":"https:\/\/inquietudearquitetura.pt\/index.php?rest_route=\/wp\/v2\/users\/1"}],"replies":[{"embeddable":true,"href":"https:\/\/inquietudearquitetura.pt\/index.php?rest_route=%2Fwp%2Fv2%2Fcomments&post=1136"}],"version-history":[{"count":2,"href":"https:\/\/inquietudearquitetura.pt\/index.php?rest_route=\/wp\/v2\/posts\/1136\/revisions"}],"predecessor-version":[{"id":1139,"href":"https:\/\/inquietudearquitetura.pt\/index.php?rest_route=\/wp\/v2\/posts\/1136\/revisions\/1139"}],"wp:featuredmedia":[{"embeddable":true,"href":"https:\/\/inquietudearquitetura.pt\/index.php?rest_route=\/wp\/v2\/media\/1137"}],"wp:attachment":[{"href":"https:\/\/inquietudearquitetura.pt\/index.php?rest_route=%2Fwp%2Fv2%2Fmedia&parent=1136"}],"wp:term":[{"taxonomy":"category","embeddable":true,"href":"https:\/\/inquietudearquitetura.pt\/index.php?rest_route=%2Fwp%2Fv2%2Fcategories&post=1136"},{"taxonomy":"post_tag","embeddable":true,"href":"https:\/\/inquietudearquitetura.pt\/index.php?rest_route=%2Fwp%2Fv2%2Ftags&post=1136"}],"curies":[{"name":"wp","href":"https:\/\/api.w.org\/{rel}","templated":true}]}}