{"id":1214,"date":"2023-12-08T12:26:55","date_gmt":"2023-12-08T12:26:55","guid":{"rendered":"https:\/\/inquietudearquitetura.pt\/?p=1214"},"modified":"2023-12-08T12:28:51","modified_gmt":"2023-12-08T12:28:51","slug":"premios-nacionais-de-arquitetura-espaco-2023","status":"publish","type":"post","link":"https:\/\/inquietudearquitetura.pt\/?p=1214","title":{"rendered":"Jurados dos Pr\u00e9mios Nacionais de Arquitetura &#8220;Espa\u00e7o 2023&#8221;"},"content":{"rendered":"\n<p style=\"font-size:clamp(14px, 0.875rem + ((1vw - 3.2px) * 0.088), 15px);\">E foi assim ontem a reuni\u00e3o preliminar dos jurados dos Pr\u00e9mios Nacionais de Arquitetura Espa\u00e7o 2023, dos quais fazemos parte. Conhecer colegas, reencontrar outros e ter o privil\u00e9gio de conversar com o mestre Arq. Jo\u00e3o Paci\u00eancia. 80 anos de sabedoria, humildade e bom trato. Foi um dia cheio! Muito obrigado Revista Anteprojectos. <\/p>\n\n\n\n<p style=\"font-size:clamp(14px, 0.875rem + ((1vw - 3.2px) * 0.088), 15px);\">Dia 14 e 15 de Dezembro l\u00e1 estaremos na Casa da Arquitetura, em Matosinhos, para inaugurar a exposi\u00e7\u00e3o dos selecionados e a entrega dos pr\u00e9mios!!<\/p>\n","protected":false},"excerpt":{"rendered":"<p>E foi assim ontem a reuni\u00e3o preliminar dos jurados dos Pr\u00e9mios Nacionais de Arquitetura Espa\u00e7o 2023, dos quais fazemos parte. Conhecer colegas, reencontrar outros e ter o privil\u00e9gio de conversar com o mestre Arq. Jo\u00e3o Paci\u00eancia. 80 anos de sabedoria, humildade e bom trato. Foi um dia cheio! Muito obrigado Revista Anteprojectos. Dia 14 e &hellip; <\/p>\n<p class=\"link-more\"><a href=\"https:\/\/inquietudearquitetura.pt\/?p=1214\" class=\"more-link\">Read more<span class=\"screen-reader-text\"> &#8220;Jurados dos Pr\u00e9mios Nacionais de Arquitetura &#8220;Espa\u00e7o 2023&#8221;&#8221;<\/span><\/a><\/p>\n","protected":false},"author":1,"featured_media":1215,"comment_status":"closed","ping_status":"closed","sticky":false,"template":"","format":"standard","meta":{"footnotes":""},"categories":[9],"tags":[],"class_list":["post-1214","post","type-post","status-publish","format-standard","has-post-thumbnail","hentry","category-eventos"],"_links":{"self":[{"href":"https:\/\/inquietudearquitetura.pt\/index.php?rest_route=\/wp\/v2\/posts\/1214","targetHints":{"allow":["GET"]}}],"collection":[{"href":"https:\/\/inquietudearquitetura.pt\/index.php?rest_route=\/wp\/v2\/posts"}],"about":[{"href":"https:\/\/inquietudearquitetura.pt\/index.php?rest_route=\/wp\/v2\/types\/post"}],"author":[{"embeddable":true,"href":"https:\/\/inquietudearquitetura.pt\/index.php?rest_route=\/wp\/v2\/users\/1"}],"replies":[{"embeddable":true,"href":"https:\/\/inquietudearquitetura.pt\/index.php?rest_route=%2Fwp%2Fv2%2Fcomments&post=1214"}],"version-history":[{"count":3,"href":"https:\/\/inquietudearquitetura.pt\/index.php?rest_route=\/wp\/v2\/posts\/1214\/revisions"}],"predecessor-version":[{"id":1218,"href":"https:\/\/inquietudearquitetura.pt\/index.php?rest_route=\/wp\/v2\/posts\/1214\/revisions\/1218"}],"wp:featuredmedia":[{"embeddable":true,"href":"https:\/\/inquietudearquitetura.pt\/index.php?rest_route=\/wp\/v2\/media\/1215"}],"wp:attachment":[{"href":"https:\/\/inquietudearquitetura.pt\/index.php?rest_route=%2Fwp%2Fv2%2Fmedia&parent=1214"}],"wp:term":[{"taxonomy":"category","embeddable":true,"href":"https:\/\/inquietudearquitetura.pt\/index.php?rest_route=%2Fwp%2Fv2%2Fcategories&post=1214"},{"taxonomy":"post_tag","embeddable":true,"href":"https:\/\/inquietudearquitetura.pt\/index.php?rest_route=%2Fwp%2Fv2%2Ftags&post=1214"}],"curies":[{"name":"wp","href":"https:\/\/api.w.org\/{rel}","templated":true}]}}