{"id":1225,"date":"2023-12-16T12:14:03","date_gmt":"2023-12-16T12:14:03","guid":{"rendered":"https:\/\/inquietudearquitetura.pt\/?p=1225"},"modified":"2023-12-16T12:17:45","modified_gmt":"2023-12-16T12:17:45","slug":"premios-nacionais-de-arquitetura-espaco-2023-2","status":"publish","type":"post","link":"https:\/\/inquietudearquitetura.pt\/?p=1225","title":{"rendered":"Cerim\u00f3nia de entrega dos Pr\u00e9mios Nacionais de Arquitetura &#8220;ESPA\u00c7O 2023&#8221;"},"content":{"rendered":"\n<p style=\"font-size:clamp(14px, 0.875rem + ((1vw - 3.2px) * 0.088), 15px);font-style:normal;font-weight:100\">Ontem foi mais um dia especial para a arquitetura, e que venham muitos mais! 150 candidatos, 150 obras com tanta qualidade, independentemente da linguagem de cada arquiteto. Todos fic\u00e1mos a ganhar!<\/p>\n\n\n\n<p style=\"font-size:clamp(14px, 0.875rem + ((1vw - 3.2px) * 0.088), 15px);font-style:normal;font-weight:100\">Da minha parte, um profundo agradecimento pelo convite para ser orador e jurado neste concurso. Convite esse que me foi endossado pela Dr.\u00aa \u00c2ngela Leit\u00e3o da Revista Anteprojectos, que me proporcionou esta experi\u00eancia e de ter conhecido pessoalmente novos colegas.<\/p>\n\n\n\n<p style=\"font-size:clamp(14px, 0.875rem + ((1vw - 3.2px) * 0.088), 15px);font-style:normal;font-weight:100\">Uma noite animada e descontra\u00edda que acabou por reunir uma mesa divertid\u00edssima, repleta de longas conversas que terminaram quando nos &#8220;expulsaram&#8221; da sala. A todos, muito obrigado. O regresso a casa foi de peito cheio! Que bela maneira de entrar de f\u00e9rias!<\/p>\n","protected":false},"excerpt":{"rendered":"<p>Ontem foi mais um dia especial para a arquitetura, e que venham muitos mais! 150 candidatos, 150 obras com tanta qualidade, independentemente da linguagem de cada arquiteto. Todos fic\u00e1mos a ganhar! Da minha parte, um profundo agradecimento pelo convite para ser orador e jurado neste concurso. Convite esse que me foi endossado pela Dr.\u00aa \u00c2ngela &hellip; <\/p>\n<p class=\"link-more\"><a href=\"https:\/\/inquietudearquitetura.pt\/?p=1225\" class=\"more-link\">Read more<span class=\"screen-reader-text\"> &#8220;Cerim\u00f3nia de entrega dos Pr\u00e9mios Nacionais de Arquitetura &#8220;ESPA\u00c7O 2023&#8221;&#8221;<\/span><\/a><\/p>\n","protected":false},"author":1,"featured_media":1222,"comment_status":"closed","ping_status":"closed","sticky":false,"template":"","format":"standard","meta":{"footnotes":""},"categories":[9],"tags":[],"class_list":["post-1225","post","type-post","status-publish","format-standard","has-post-thumbnail","hentry","category-eventos"],"_links":{"self":[{"href":"https:\/\/inquietudearquitetura.pt\/index.php?rest_route=\/wp\/v2\/posts\/1225","targetHints":{"allow":["GET"]}}],"collection":[{"href":"https:\/\/inquietudearquitetura.pt\/index.php?rest_route=\/wp\/v2\/posts"}],"about":[{"href":"https:\/\/inquietudearquitetura.pt\/index.php?rest_route=\/wp\/v2\/types\/post"}],"author":[{"embeddable":true,"href":"https:\/\/inquietudearquitetura.pt\/index.php?rest_route=\/wp\/v2\/users\/1"}],"replies":[{"embeddable":true,"href":"https:\/\/inquietudearquitetura.pt\/index.php?rest_route=%2Fwp%2Fv2%2Fcomments&post=1225"}],"version-history":[{"count":4,"href":"https:\/\/inquietudearquitetura.pt\/index.php?rest_route=\/wp\/v2\/posts\/1225\/revisions"}],"predecessor-version":[{"id":1230,"href":"https:\/\/inquietudearquitetura.pt\/index.php?rest_route=\/wp\/v2\/posts\/1225\/revisions\/1230"}],"wp:featuredmedia":[{"embeddable":true,"href":"https:\/\/inquietudearquitetura.pt\/index.php?rest_route=\/wp\/v2\/media\/1222"}],"wp:attachment":[{"href":"https:\/\/inquietudearquitetura.pt\/index.php?rest_route=%2Fwp%2Fv2%2Fmedia&parent=1225"}],"wp:term":[{"taxonomy":"category","embeddable":true,"href":"https:\/\/inquietudearquitetura.pt\/index.php?rest_route=%2Fwp%2Fv2%2Fcategories&post=1225"},{"taxonomy":"post_tag","embeddable":true,"href":"https:\/\/inquietudearquitetura.pt\/index.php?rest_route=%2Fwp%2Fv2%2Ftags&post=1225"}],"curies":[{"name":"wp","href":"https:\/\/api.w.org\/{rel}","templated":true}]}}