{"id":1583,"date":"2024-04-29T18:39:08","date_gmt":"2024-04-29T18:39:08","guid":{"rendered":"https:\/\/inquietudearquitetura.pt\/?p=1583"},"modified":"2024-04-29T18:49:06","modified_gmt":"2024-04-29T18:49:06","slug":"orador-no-lancamento-dos-premios-nacionais-de-arquitetura-espaco-2024-tektonica-fil-lisboa","status":"publish","type":"post","link":"https:\/\/inquietudearquitetura.pt\/?p=1583","title":{"rendered":"Orador no lan\u00e7amento dos Pr\u00e9mios Nacionais de Arquitetura &#8220;Espa\u00e7o 2024&#8221; &#8211; Tekt\u00f3nica FIL Lisboa"},"content":{"rendered":"\n<p style=\"font-size:clamp(14px, 0.875rem + ((1vw - 3.2px) * 0.088), 15px);font-style:normal;font-weight:100\">Esta sexta feira, dia 3 de Maio, pelas 17h00 na Tekt\u00f3nica FIL\/Lisboa ser\u00e1 o lan\u00e7amento dos Pr\u00e9mios Nacionais de Arquitetura &#8220;Espa\u00e7o 2024&#8221; e apresenta\u00e7\u00e3o dos projetos vencedores da \u00faltima edi\u00e7\u00e3o, dos quais tive a honra de ser um dos jurados. Desta vez, \u00e9 com o maior prazer que farei parte do painel de oradores nesta tarde dedicada \u00e0 arquitetura, tentando dar o meu melhor contributo. Agrade\u00e7o desde j\u00e1 o convite \u00e0 Dra. \u00c2ngela Leit\u00e3o da Revista Anteprojectos.<br>Sintam-se todos convidados!<\/p>\n","protected":false},"excerpt":{"rendered":"<p>Esta sexta feira, dia 3 de Maio, pelas 17h00 na Tekt\u00f3nica FIL\/Lisboa ser\u00e1 o lan\u00e7amento dos Pr\u00e9mios Nacionais de Arquitetura &#8220;Espa\u00e7o 2024&#8221; e apresenta\u00e7\u00e3o dos projetos vencedores da \u00faltima edi\u00e7\u00e3o, dos quais tive a honra de ser um dos jurados. Desta vez, \u00e9 com o maior prazer que farei parte do painel de oradores nesta &hellip; <\/p>\n<p class=\"link-more\"><a href=\"https:\/\/inquietudearquitetura.pt\/?p=1583\" class=\"more-link\">Read more<span class=\"screen-reader-text\"> &#8220;Orador no lan\u00e7amento dos Pr\u00e9mios Nacionais de Arquitetura &#8220;Espa\u00e7o 2024&#8221; &#8211; Tekt\u00f3nica FIL Lisboa&#8221;<\/span><\/a><\/p>\n","protected":false},"author":1,"featured_media":1591,"comment_status":"closed","ping_status":"closed","sticky":false,"template":"","format":"standard","meta":{"footnotes":""},"categories":[10],"tags":[],"class_list":["post-1583","post","type-post","status-publish","format-standard","has-post-thumbnail","hentry","category-conferencias"],"_links":{"self":[{"href":"https:\/\/inquietudearquitetura.pt\/index.php?rest_route=\/wp\/v2\/posts\/1583","targetHints":{"allow":["GET"]}}],"collection":[{"href":"https:\/\/inquietudearquitetura.pt\/index.php?rest_route=\/wp\/v2\/posts"}],"about":[{"href":"https:\/\/inquietudearquitetura.pt\/index.php?rest_route=\/wp\/v2\/types\/post"}],"author":[{"embeddable":true,"href":"https:\/\/inquietudearquitetura.pt\/index.php?rest_route=\/wp\/v2\/users\/1"}],"replies":[{"embeddable":true,"href":"https:\/\/inquietudearquitetura.pt\/index.php?rest_route=%2Fwp%2Fv2%2Fcomments&post=1583"}],"version-history":[{"count":2,"href":"https:\/\/inquietudearquitetura.pt\/index.php?rest_route=\/wp\/v2\/posts\/1583\/revisions"}],"predecessor-version":[{"id":1590,"href":"https:\/\/inquietudearquitetura.pt\/index.php?rest_route=\/wp\/v2\/posts\/1583\/revisions\/1590"}],"wp:featuredmedia":[{"embeddable":true,"href":"https:\/\/inquietudearquitetura.pt\/index.php?rest_route=\/wp\/v2\/media\/1591"}],"wp:attachment":[{"href":"https:\/\/inquietudearquitetura.pt\/index.php?rest_route=%2Fwp%2Fv2%2Fmedia&parent=1583"}],"wp:term":[{"taxonomy":"category","embeddable":true,"href":"https:\/\/inquietudearquitetura.pt\/index.php?rest_route=%2Fwp%2Fv2%2Fcategories&post=1583"},{"taxonomy":"post_tag","embeddable":true,"href":"https:\/\/inquietudearquitetura.pt\/index.php?rest_route=%2Fwp%2Fv2%2Ftags&post=1583"}],"curies":[{"name":"wp","href":"https:\/\/api.w.org\/{rel}","templated":true}]}}