{"id":1683,"date":"2024-09-26T17:32:11","date_gmt":"2024-09-26T17:32:11","guid":{"rendered":"https:\/\/inquietudearquitetura.pt\/?p=1683"},"modified":"2024-09-26T17:32:30","modified_gmt":"2024-09-26T17:32:30","slug":"anuario-de-arquitectura-quem-e-quem","status":"publish","type":"post","link":"https:\/\/inquietudearquitetura.pt\/?p=1683","title":{"rendered":"Anu\u00e1rio de Arquitectura &#8220;Quem \u00e9 Quem!"},"content":{"rendered":"\n<p style=\"font-size:clamp(14px, 0.875rem + ((1vw - 3.2px) * 0.088), 15px);font-style:normal;font-weight:100\">Tivemos presentes no evento de lan\u00e7amento do Anu\u00e1rio de Arquitetura &#8220;Quem \u00e9 quem&#8221; na Porcelanosa do Porto.<\/p>\n\n\n\n<p style=\"font-size:clamp(14px, 0.875rem + ((1vw - 3.2px) * 0.088), 15px);font-style:normal;font-weight:100\">\u00c9 sempre uma anima\u00e7\u00e3o encontrar colegas!!! Grande abra\u00e7o a todos!<\/p>\n","protected":false},"excerpt":{"rendered":"<p>Tivemos presentes no evento de lan\u00e7amento do Anu\u00e1rio de Arquitetura &#8220;Quem \u00e9 quem&#8221; na Porcelanosa do Porto. \u00c9 sempre uma anima\u00e7\u00e3o encontrar colegas!!! Grande abra\u00e7o a todos!<\/p>\n","protected":false},"author":1,"featured_media":1685,"comment_status":"closed","ping_status":"closed","sticky":false,"template":"","format":"standard","meta":{"footnotes":""},"categories":[1],"tags":[],"class_list":["post-1683","post","type-post","status-publish","format-standard","has-post-thumbnail","hentry","category-uncategorized"],"_links":{"self":[{"href":"https:\/\/inquietudearquitetura.pt\/index.php?rest_route=\/wp\/v2\/posts\/1683","targetHints":{"allow":["GET"]}}],"collection":[{"href":"https:\/\/inquietudearquitetura.pt\/index.php?rest_route=\/wp\/v2\/posts"}],"about":[{"href":"https:\/\/inquietudearquitetura.pt\/index.php?rest_route=\/wp\/v2\/types\/post"}],"author":[{"embeddable":true,"href":"https:\/\/inquietudearquitetura.pt\/index.php?rest_route=\/wp\/v2\/users\/1"}],"replies":[{"embeddable":true,"href":"https:\/\/inquietudearquitetura.pt\/index.php?rest_route=%2Fwp%2Fv2%2Fcomments&post=1683"}],"version-history":[{"count":1,"href":"https:\/\/inquietudearquitetura.pt\/index.php?rest_route=\/wp\/v2\/posts\/1683\/revisions"}],"predecessor-version":[{"id":1686,"href":"https:\/\/inquietudearquitetura.pt\/index.php?rest_route=\/wp\/v2\/posts\/1683\/revisions\/1686"}],"wp:featuredmedia":[{"embeddable":true,"href":"https:\/\/inquietudearquitetura.pt\/index.php?rest_route=\/wp\/v2\/media\/1685"}],"wp:attachment":[{"href":"https:\/\/inquietudearquitetura.pt\/index.php?rest_route=%2Fwp%2Fv2%2Fmedia&parent=1683"}],"wp:term":[{"taxonomy":"category","embeddable":true,"href":"https:\/\/inquietudearquitetura.pt\/index.php?rest_route=%2Fwp%2Fv2%2Fcategories&post=1683"},{"taxonomy":"post_tag","embeddable":true,"href":"https:\/\/inquietudearquitetura.pt\/index.php?rest_route=%2Fwp%2Fv2%2Ftags&post=1683"}],"curies":[{"name":"wp","href":"https:\/\/api.w.org\/{rel}","templated":true}]}}