{"id":373,"date":"2023-01-16T21:40:20","date_gmt":"2023-01-16T21:40:20","guid":{"rendered":"https:\/\/inquietudearquitetura.pt\/?p=373"},"modified":"2023-10-23T14:55:56","modified_gmt":"2023-10-23T14:55:56","slug":"sajdh","status":"publish","type":"post","link":"https:\/\/inquietudearquitetura.pt\/?p=373","title":{"rendered":"NEW ONE : Moradia unifamiliar em Azeit\u00e3o"},"content":{"rendered":"\n<p class=\"has-text-align-left\" style=\"font-size:clamp(14px, 0.875rem + ((1vw - 3.2px) * 0.088), 15px);\">Este aparenta ser um processo de extremo interesse, onde a mote principal \u00e9 a preserva\u00e7\u00e3o das oliveiras pr\u00e9 existentes, fazendo-as parte integrante da habita\u00e7\u00e3o e de todo o espa\u00e7o exterior perten\u00e7a da fam\u00edlia. Se por um lado estas nobres ole\u00e1ceas podiam ser um entrave para alguns clientes, neste caso ser\u00e3o o ex libris do lar, implantadas no exterior mas presentes no interior.    <\/p>\n","protected":false},"excerpt":{"rendered":"<p>Este aparenta ser um processo de extremo interesse, onde a mote principal \u00e9 a preserva\u00e7\u00e3o das oliveiras pr\u00e9 existentes, fazendo-as parte integrante da habita\u00e7\u00e3o e de todo o espa\u00e7o exterior perten\u00e7a da fam\u00edlia. Se por um lado estas nobres ole\u00e1ceas podiam ser um entrave para alguns clientes, neste caso ser\u00e3o o ex libris do lar, &hellip; <\/p>\n<p class=\"link-more\"><a href=\"https:\/\/inquietudearquitetura.pt\/?p=373\" class=\"more-link\">Read more<span class=\"screen-reader-text\"> &#8220;NEW ONE : Moradia unifamiliar em Azeit\u00e3o&#8221;<\/span><\/a><\/p>\n","protected":false},"author":1,"featured_media":479,"comment_status":"closed","ping_status":"closed","sticky":false,"template":"","format":"standard","meta":{"footnotes":""},"categories":[5],"tags":[],"class_list":["post-373","post","type-post","status-publish","format-standard","has-post-thumbnail","hentry","category-novas-moradias"],"_links":{"self":[{"href":"https:\/\/inquietudearquitetura.pt\/index.php?rest_route=\/wp\/v2\/posts\/373","targetHints":{"allow":["GET"]}}],"collection":[{"href":"https:\/\/inquietudearquitetura.pt\/index.php?rest_route=\/wp\/v2\/posts"}],"about":[{"href":"https:\/\/inquietudearquitetura.pt\/index.php?rest_route=\/wp\/v2\/types\/post"}],"author":[{"embeddable":true,"href":"https:\/\/inquietudearquitetura.pt\/index.php?rest_route=\/wp\/v2\/users\/1"}],"replies":[{"embeddable":true,"href":"https:\/\/inquietudearquitetura.pt\/index.php?rest_route=%2Fwp%2Fv2%2Fcomments&post=373"}],"version-history":[{"count":14,"href":"https:\/\/inquietudearquitetura.pt\/index.php?rest_route=\/wp\/v2\/posts\/373\/revisions"}],"predecessor-version":[{"id":1031,"href":"https:\/\/inquietudearquitetura.pt\/index.php?rest_route=\/wp\/v2\/posts\/373\/revisions\/1031"}],"wp:featuredmedia":[{"embeddable":true,"href":"https:\/\/inquietudearquitetura.pt\/index.php?rest_route=\/wp\/v2\/media\/479"}],"wp:attachment":[{"href":"https:\/\/inquietudearquitetura.pt\/index.php?rest_route=%2Fwp%2Fv2%2Fmedia&parent=373"}],"wp:term":[{"taxonomy":"category","embeddable":true,"href":"https:\/\/inquietudearquitetura.pt\/index.php?rest_route=%2Fwp%2Fv2%2Fcategories&post=373"},{"taxonomy":"post_tag","embeddable":true,"href":"https:\/\/inquietudearquitetura.pt\/index.php?rest_route=%2Fwp%2Fv2%2Ftags&post=373"}],"curies":[{"name":"wp","href":"https:\/\/api.w.org\/{rel}","templated":true}]}}