{"id":377,"date":"2023-01-16T21:57:44","date_gmt":"2023-01-16T21:57:44","guid":{"rendered":"https:\/\/inquietudearquitetura.pt\/?p=377"},"modified":"2023-10-23T14:55:39","modified_gmt":"2023-10-23T14:55:39","slug":"projeto-de-reabilitacao-_-predio-em-centro-historico","status":"publish","type":"post","link":"https:\/\/inquietudearquitetura.pt\/?p=377","title":{"rendered":"NEW ONE : Reabilita\u00e7\u00e3o de edif\u00edcio no centro hist\u00f3rico de Ponte de Lima"},"content":{"rendered":"\n<p class=\"has-text-align-left\" style=\"font-size:clamp(14px, 0.875rem + ((1vw - 3.2px) * 0.088), 15px);\">Um projeto em centro hist\u00f3rico \u00e9 sempre um desafio, mais ainda no caso de uma reabilita\u00e7\u00e3o onde a pr\u00e9 exist\u00eancia tem de ser tida em conta e totalmente respeitada, tentando tocar o m\u00ednimo poss\u00edvel no objeto. \u00c9 aqui que surgem as complexidades, ao entender e formalizar a integra\u00e7\u00e3o do novo programa no involucro existente. Um processo que envolve paix\u00e3o pelo tra\u00e7o e pelo gosto de ver uma cara feliz no edif\u00edcio, rejuvenescendo-o a um passado brilhante que em tempos j\u00e1 teve. <\/p>\n","protected":false},"excerpt":{"rendered":"<p>Um projeto em centro hist\u00f3rico \u00e9 sempre um desafio, mais ainda no caso de uma reabilita\u00e7\u00e3o onde a pr\u00e9 exist\u00eancia tem de ser tida em conta e totalmente respeitada, tentando tocar o m\u00ednimo poss\u00edvel no objeto. \u00c9 aqui que surgem as complexidades, ao entender e formalizar a integra\u00e7\u00e3o do novo programa no involucro existente. Um &hellip; <\/p>\n<p class=\"link-more\"><a href=\"https:\/\/inquietudearquitetura.pt\/?p=377\" class=\"more-link\">Read more<span class=\"screen-reader-text\"> &#8220;NEW ONE : Reabilita\u00e7\u00e3o de edif\u00edcio no centro hist\u00f3rico de Ponte de Lima&#8221;<\/span><\/a><\/p>\n","protected":false},"author":1,"featured_media":480,"comment_status":"closed","ping_status":"closed","sticky":false,"template":"","format":"standard","meta":{"footnotes":""},"categories":[7],"tags":[],"class_list":["post-377","post","type-post","status-publish","format-standard","has-post-thumbnail","hentry","category-reabilitacoes"],"_links":{"self":[{"href":"https:\/\/inquietudearquitetura.pt\/index.php?rest_route=\/wp\/v2\/posts\/377","targetHints":{"allow":["GET"]}}],"collection":[{"href":"https:\/\/inquietudearquitetura.pt\/index.php?rest_route=\/wp\/v2\/posts"}],"about":[{"href":"https:\/\/inquietudearquitetura.pt\/index.php?rest_route=\/wp\/v2\/types\/post"}],"author":[{"embeddable":true,"href":"https:\/\/inquietudearquitetura.pt\/index.php?rest_route=\/wp\/v2\/users\/1"}],"replies":[{"embeddable":true,"href":"https:\/\/inquietudearquitetura.pt\/index.php?rest_route=%2Fwp%2Fv2%2Fcomments&post=377"}],"version-history":[{"count":18,"href":"https:\/\/inquietudearquitetura.pt\/index.php?rest_route=\/wp\/v2\/posts\/377\/revisions"}],"predecessor-version":[{"id":1030,"href":"https:\/\/inquietudearquitetura.pt\/index.php?rest_route=\/wp\/v2\/posts\/377\/revisions\/1030"}],"wp:featuredmedia":[{"embeddable":true,"href":"https:\/\/inquietudearquitetura.pt\/index.php?rest_route=\/wp\/v2\/media\/480"}],"wp:attachment":[{"href":"https:\/\/inquietudearquitetura.pt\/index.php?rest_route=%2Fwp%2Fv2%2Fmedia&parent=377"}],"wp:term":[{"taxonomy":"category","embeddable":true,"href":"https:\/\/inquietudearquitetura.pt\/index.php?rest_route=%2Fwp%2Fv2%2Fcategories&post=377"},{"taxonomy":"post_tag","embeddable":true,"href":"https:\/\/inquietudearquitetura.pt\/index.php?rest_route=%2Fwp%2Fv2%2Ftags&post=377"}],"curies":[{"name":"wp","href":"https:\/\/api.w.org\/{rel}","templated":true}]}}