{"id":386,"date":"2023-01-16T22:07:05","date_gmt":"2023-01-16T22:07:05","guid":{"rendered":"https:\/\/inquietudearquitetura.pt\/?p=386"},"modified":"2023-10-23T15:38:22","modified_gmt":"2023-10-23T15:38:22","slug":"em-desenvolvimento-moradia-unifamiliar-no-seixal","status":"publish","type":"post","link":"https:\/\/inquietudearquitetura.pt\/?p=386","title":{"rendered":"NEW ONE : Moradia unifamiliar no Seixal"},"content":{"rendered":"\n<p class=\"has-text-align-left\" style=\"font-size:clamp(14px, 0.875rem + ((1vw - 3.2px) * 0.088), 15px);\">Num lote de \u00e1reas generosas, lan\u00e7ou-nos o cliente um desafio de projetar uma moradia com \u00e1rea m\u00e1xima de 600 m2, onde a multiplicidade de espa\u00e7os funcionais se relacionam de forma aberta, promovendo uma promenade permanente entre interior, nos seus v\u00e1rios momentos inclusive verticais, e o exterior. Como regra tentaremos que o objeto projetado resulte num elemento leve e discreto visto da rua, utilizando para tal o respeito pela morfologia natural do terreno. <\/p>\n","protected":false},"excerpt":{"rendered":"<p>Num lote de \u00e1reas generosas, lan\u00e7ou-nos o cliente um desafio de projetar uma moradia com \u00e1rea m\u00e1xima de 600 m2, onde a multiplicidade de espa\u00e7os funcionais se relacionam de forma aberta, promovendo uma promenade permanente entre interior, nos seus v\u00e1rios momentos inclusive verticais, e o exterior. Como regra tentaremos que o objeto projetado resulte num &hellip; <\/p>\n<p class=\"link-more\"><a href=\"https:\/\/inquietudearquitetura.pt\/?p=386\" class=\"more-link\">Read more<span class=\"screen-reader-text\"> &#8220;NEW ONE : Moradia unifamiliar no Seixal&#8221;<\/span><\/a><\/p>\n","protected":false},"author":1,"featured_media":481,"comment_status":"closed","ping_status":"closed","sticky":false,"template":"","format":"standard","meta":{"footnotes":""},"categories":[5],"tags":[],"class_list":["post-386","post","type-post","status-publish","format-standard","has-post-thumbnail","hentry","category-novas-moradias"],"_links":{"self":[{"href":"https:\/\/inquietudearquitetura.pt\/index.php?rest_route=\/wp\/v2\/posts\/386","targetHints":{"allow":["GET"]}}],"collection":[{"href":"https:\/\/inquietudearquitetura.pt\/index.php?rest_route=\/wp\/v2\/posts"}],"about":[{"href":"https:\/\/inquietudearquitetura.pt\/index.php?rest_route=\/wp\/v2\/types\/post"}],"author":[{"embeddable":true,"href":"https:\/\/inquietudearquitetura.pt\/index.php?rest_route=\/wp\/v2\/users\/1"}],"replies":[{"embeddable":true,"href":"https:\/\/inquietudearquitetura.pt\/index.php?rest_route=%2Fwp%2Fv2%2Fcomments&post=386"}],"version-history":[{"count":12,"href":"https:\/\/inquietudearquitetura.pt\/index.php?rest_route=\/wp\/v2\/posts\/386\/revisions"}],"predecessor-version":[{"id":1071,"href":"https:\/\/inquietudearquitetura.pt\/index.php?rest_route=\/wp\/v2\/posts\/386\/revisions\/1071"}],"wp:featuredmedia":[{"embeddable":true,"href":"https:\/\/inquietudearquitetura.pt\/index.php?rest_route=\/wp\/v2\/media\/481"}],"wp:attachment":[{"href":"https:\/\/inquietudearquitetura.pt\/index.php?rest_route=%2Fwp%2Fv2%2Fmedia&parent=386"}],"wp:term":[{"taxonomy":"category","embeddable":true,"href":"https:\/\/inquietudearquitetura.pt\/index.php?rest_route=%2Fwp%2Fv2%2Fcategories&post=386"},{"taxonomy":"post_tag","embeddable":true,"href":"https:\/\/inquietudearquitetura.pt\/index.php?rest_route=%2Fwp%2Fv2%2Ftags&post=386"}],"curies":[{"name":"wp","href":"https:\/\/api.w.org\/{rel}","templated":true}]}}