{"id":391,"date":"2023-01-16T22:12:10","date_gmt":"2023-01-16T22:12:10","guid":{"rendered":"https:\/\/inquietudearquitetura.pt\/?p=391"},"modified":"2023-10-23T14:55:05","modified_gmt":"2023-10-23T14:55:05","slug":"new-one-projeto-de-edificio-multifamiliar-em-ponte-da-barca","status":"publish","type":"post","link":"https:\/\/inquietudearquitetura.pt\/?p=391","title":{"rendered":"NEW ONE : Edif\u00edcio multifamiliar em Ponte da Barca"},"content":{"rendered":"\n<p class=\"has-text-align-left\" style=\"font-size:clamp(14px, 0.875rem + ((1vw - 3.2px) * 0.088), 15px);\">Este desafio em desenvolvimento pretende distribuir 18 fogos de tipologia T3 e garagens numa pe\u00e7a com cerca de 3400 m2 de \u00e1rea bruta de constru\u00e7\u00e3o, distribu\u00edda por 4 pisos, tentando uma melhoria de fun\u00e7\u00f5es interiores relacionadas com as \u00e1reas exteriores de qualidade, como amplas varandas ou cobertura com espa\u00e7os de lazer, utiliz\u00e1vel pelos seus habitantes. <\/p>\n","protected":false},"excerpt":{"rendered":"<p>Este desafio em desenvolvimento pretende distribuir 18 fogos de tipologia T3 e garagens numa pe\u00e7a com cerca de 3400 m2 de \u00e1rea bruta de constru\u00e7\u00e3o, distribu\u00edda por 4 pisos, tentando uma melhoria de fun\u00e7\u00f5es interiores relacionadas com as \u00e1reas exteriores de qualidade, como amplas varandas ou cobertura com espa\u00e7os de lazer, utiliz\u00e1vel pelos seus habitantes.<\/p>\n","protected":false},"author":1,"featured_media":477,"comment_status":"closed","ping_status":"closed","sticky":false,"template":"","format":"standard","meta":{"footnotes":""},"categories":[6],"tags":[],"class_list":["post-391","post","type-post","status-publish","format-standard","has-post-thumbnail","hentry","category-edificios-multifamiliares"],"_links":{"self":[{"href":"https:\/\/inquietudearquitetura.pt\/index.php?rest_route=\/wp\/v2\/posts\/391","targetHints":{"allow":["GET"]}}],"collection":[{"href":"https:\/\/inquietudearquitetura.pt\/index.php?rest_route=\/wp\/v2\/posts"}],"about":[{"href":"https:\/\/inquietudearquitetura.pt\/index.php?rest_route=\/wp\/v2\/types\/post"}],"author":[{"embeddable":true,"href":"https:\/\/inquietudearquitetura.pt\/index.php?rest_route=\/wp\/v2\/users\/1"}],"replies":[{"embeddable":true,"href":"https:\/\/inquietudearquitetura.pt\/index.php?rest_route=%2Fwp%2Fv2%2Fcomments&post=391"}],"version-history":[{"count":14,"href":"https:\/\/inquietudearquitetura.pt\/index.php?rest_route=\/wp\/v2\/posts\/391\/revisions"}],"predecessor-version":[{"id":1028,"href":"https:\/\/inquietudearquitetura.pt\/index.php?rest_route=\/wp\/v2\/posts\/391\/revisions\/1028"}],"wp:featuredmedia":[{"embeddable":true,"href":"https:\/\/inquietudearquitetura.pt\/index.php?rest_route=\/wp\/v2\/media\/477"}],"wp:attachment":[{"href":"https:\/\/inquietudearquitetura.pt\/index.php?rest_route=%2Fwp%2Fv2%2Fmedia&parent=391"}],"wp:term":[{"taxonomy":"category","embeddable":true,"href":"https:\/\/inquietudearquitetura.pt\/index.php?rest_route=%2Fwp%2Fv2%2Fcategories&post=391"},{"taxonomy":"post_tag","embeddable":true,"href":"https:\/\/inquietudearquitetura.pt\/index.php?rest_route=%2Fwp%2Fv2%2Ftags&post=391"}],"curies":[{"name":"wp","href":"https:\/\/api.w.org\/{rel}","templated":true}]}}