{"id":729,"date":"2023-02-01T12:51:00","date_gmt":"2023-02-01T12:51:00","guid":{"rendered":"https:\/\/inquietudearquitetura.pt\/?p=729"},"modified":"2023-10-23T14:58:19","modified_gmt":"2023-10-23T14:58:19","slug":"729","status":"publish","type":"post","link":"https:\/\/inquietudearquitetura.pt\/?p=729","title":{"rendered":"Revista Anteprojetos : Edi\u00e7\u00e3o de Fevereiro"},"content":{"rendered":"\n<p class=\"has-text-align-left\" style=\"font-size:clamp(14px, 0.875rem + ((1vw - 3.2px) * 0.088), 15px);\">\u00c9 com prazer que seremos capa da revista de arquitetura Anteprojetos na edi\u00e7\u00e3o do m\u00eas de Fevereiro. Neste n\u00famero abordaremos em artigo o tema do paisagismo na arquitetura, tentando abranger as diferentes escalas, desde a varanda ao espa\u00e7o urbano. <\/p>\n","protected":false},"excerpt":{"rendered":"<p>\u00c9 com prazer que seremos capa da revista de arquitetura Anteprojetos na edi\u00e7\u00e3o do m\u00eas de Fevereiro. Neste n\u00famero abordaremos em artigo o tema do paisagismo na arquitetura, tentando abranger as diferentes escalas, desde a varanda ao espa\u00e7o urbano.<\/p>\n","protected":false},"author":1,"featured_media":730,"comment_status":"closed","ping_status":"closed","sticky":false,"template":"","format":"standard","meta":{"footnotes":""},"categories":[8],"tags":[],"class_list":["post-729","post","type-post","status-publish","format-standard","has-post-thumbnail","hentry","category-publicacoes"],"_links":{"self":[{"href":"https:\/\/inquietudearquitetura.pt\/index.php?rest_route=\/wp\/v2\/posts\/729","targetHints":{"allow":["GET"]}}],"collection":[{"href":"https:\/\/inquietudearquitetura.pt\/index.php?rest_route=\/wp\/v2\/posts"}],"about":[{"href":"https:\/\/inquietudearquitetura.pt\/index.php?rest_route=\/wp\/v2\/types\/post"}],"author":[{"embeddable":true,"href":"https:\/\/inquietudearquitetura.pt\/index.php?rest_route=\/wp\/v2\/users\/1"}],"replies":[{"embeddable":true,"href":"https:\/\/inquietudearquitetura.pt\/index.php?rest_route=%2Fwp%2Fv2%2Fcomments&post=729"}],"version-history":[{"count":8,"href":"https:\/\/inquietudearquitetura.pt\/index.php?rest_route=\/wp\/v2\/posts\/729\/revisions"}],"predecessor-version":[{"id":1040,"href":"https:\/\/inquietudearquitetura.pt\/index.php?rest_route=\/wp\/v2\/posts\/729\/revisions\/1040"}],"wp:featuredmedia":[{"embeddable":true,"href":"https:\/\/inquietudearquitetura.pt\/index.php?rest_route=\/wp\/v2\/media\/730"}],"wp:attachment":[{"href":"https:\/\/inquietudearquitetura.pt\/index.php?rest_route=%2Fwp%2Fv2%2Fmedia&parent=729"}],"wp:term":[{"taxonomy":"category","embeddable":true,"href":"https:\/\/inquietudearquitetura.pt\/index.php?rest_route=%2Fwp%2Fv2%2Fcategories&post=729"},{"taxonomy":"post_tag","embeddable":true,"href":"https:\/\/inquietudearquitetura.pt\/index.php?rest_route=%2Fwp%2Fv2%2Ftags&post=729"}],"curies":[{"name":"wp","href":"https:\/\/api.w.org\/{rel}","templated":true}]}}