{"id":769,"date":"2023-02-28T18:14:56","date_gmt":"2023-02-28T18:14:56","guid":{"rendered":"https:\/\/inquietudearquitetura.pt\/?p=769"},"modified":"2023-10-23T15:39:29","modified_gmt":"2023-10-23T15:39:29","slug":"sdfsdf","status":"publish","type":"post","link":"https:\/\/inquietudearquitetura.pt\/?p=769","title":{"rendered":"CONFER\u00caNCIA &#8220;O paisagismo como interveniente na din\u00e2mica urbana&#8221;"},"content":{"rendered":"\n<p class=\"has-text-align-left\" style=\"font-size:clamp(14px, 0.875rem + ((1vw - 3.2px) * 0.088), 15px);\">Vamos ser oradores no semin\u00e1rio &#8220;O paisagismo como interveniente na din\u00e2mica urbana&#8221; na feira ExpoJardim \/ UrbanGarden na Exponor, dia 17 de Mar\u00e7o pelas 16h30. Connosco estar\u00e3o o urbanista Daniel Casas Valle, o arquiteto C\u00e9sar Rouco Marques, a arquiteta paisagista Lu\u00edsa Almendra Roque e a moderadora \u00c2ngela Leit\u00e3o, diretora da revista Anteprojetos. Sintam-se todos convidados e apare\u00e7am!!<\/p>\n","protected":false},"excerpt":{"rendered":"<p>Vamos ser oradores no semin\u00e1rio &#8220;O paisagismo como interveniente na din\u00e2mica urbana&#8221; na feira ExpoJardim \/ UrbanGarden na Exponor, dia 17 de Mar\u00e7o pelas 16h30. Connosco estar\u00e3o o urbanista Daniel Casas Valle, o arquiteto C\u00e9sar Rouco Marques, a arquiteta paisagista Lu\u00edsa Almendra Roque e a moderadora \u00c2ngela Leit\u00e3o, diretora da revista Anteprojetos. Sintam-se todos convidados &hellip; <\/p>\n<p class=\"link-more\"><a href=\"https:\/\/inquietudearquitetura.pt\/?p=769\" class=\"more-link\">Read more<span class=\"screen-reader-text\"> &#8220;CONFER\u00caNCIA &#8220;O paisagismo como interveniente na din\u00e2mica urbana&#8221;&#8221;<\/span><\/a><\/p>\n","protected":false},"author":1,"featured_media":770,"comment_status":"closed","ping_status":"closed","sticky":false,"template":"","format":"standard","meta":{"footnotes":""},"categories":[9],"tags":[],"class_list":["post-769","post","type-post","status-publish","format-standard","has-post-thumbnail","hentry","category-eventos"],"_links":{"self":[{"href":"https:\/\/inquietudearquitetura.pt\/index.php?rest_route=\/wp\/v2\/posts\/769","targetHints":{"allow":["GET"]}}],"collection":[{"href":"https:\/\/inquietudearquitetura.pt\/index.php?rest_route=\/wp\/v2\/posts"}],"about":[{"href":"https:\/\/inquietudearquitetura.pt\/index.php?rest_route=\/wp\/v2\/types\/post"}],"author":[{"embeddable":true,"href":"https:\/\/inquietudearquitetura.pt\/index.php?rest_route=\/wp\/v2\/users\/1"}],"replies":[{"embeddable":true,"href":"https:\/\/inquietudearquitetura.pt\/index.php?rest_route=%2Fwp%2Fv2%2Fcomments&post=769"}],"version-history":[{"count":10,"href":"https:\/\/inquietudearquitetura.pt\/index.php?rest_route=\/wp\/v2\/posts\/769\/revisions"}],"predecessor-version":[{"id":1073,"href":"https:\/\/inquietudearquitetura.pt\/index.php?rest_route=\/wp\/v2\/posts\/769\/revisions\/1073"}],"wp:featuredmedia":[{"embeddable":true,"href":"https:\/\/inquietudearquitetura.pt\/index.php?rest_route=\/wp\/v2\/media\/770"}],"wp:attachment":[{"href":"https:\/\/inquietudearquitetura.pt\/index.php?rest_route=%2Fwp%2Fv2%2Fmedia&parent=769"}],"wp:term":[{"taxonomy":"category","embeddable":true,"href":"https:\/\/inquietudearquitetura.pt\/index.php?rest_route=%2Fwp%2Fv2%2Fcategories&post=769"},{"taxonomy":"post_tag","embeddable":true,"href":"https:\/\/inquietudearquitetura.pt\/index.php?rest_route=%2Fwp%2Fv2%2Ftags&post=769"}],"curies":[{"name":"wp","href":"https:\/\/api.w.org\/{rel}","templated":true}]}}