{"id":825,"date":"2023-03-29T11:05:15","date_gmt":"2023-03-29T11:05:15","guid":{"rendered":"https:\/\/inquietudearquitetura.pt\/?p=825"},"modified":"2023-10-23T14:57:32","modified_gmt":"2023-10-23T14:57:32","slug":"new-one-moradias-sesimbra","status":"publish","type":"post","link":"https:\/\/inquietudearquitetura.pt\/?p=825","title":{"rendered":"NEW ONE : Moradias Sesimbra"},"content":{"rendered":"\n<p class=\"has-text-align-left\" style=\"font-size:clamp(14px, 0.875rem + ((1vw - 3.2px) * 0.088), 15px);\">Desta vez o convite levou-nos at\u00e9 Sesimbra, onde iremos desenvolver 2 habita\u00e7\u00f5es para usos, primordialmente, de f\u00e9rias, que ir\u00e3o conviver com as massas arb\u00f3reas pr\u00e9 existentes e onde todo o conforto e espa\u00e7os de lazer figuram-se como uma necessidade. <\/p>\n","protected":false},"excerpt":{"rendered":"<p>Desta vez o convite levou-nos at\u00e9 Sesimbra, onde iremos desenvolver 2 habita\u00e7\u00f5es para usos, primordialmente, de f\u00e9rias, que ir\u00e3o conviver com as massas arb\u00f3reas pr\u00e9 existentes e onde todo o conforto e espa\u00e7os de lazer figuram-se como uma necessidade.<\/p>\n","protected":false},"author":1,"featured_media":826,"comment_status":"closed","ping_status":"closed","sticky":false,"template":"","format":"standard","meta":{"footnotes":""},"categories":[5],"tags":[],"class_list":["post-825","post","type-post","status-publish","format-standard","has-post-thumbnail","hentry","category-novas-moradias"],"_links":{"self":[{"href":"https:\/\/inquietudearquitetura.pt\/index.php?rest_route=\/wp\/v2\/posts\/825","targetHints":{"allow":["GET"]}}],"collection":[{"href":"https:\/\/inquietudearquitetura.pt\/index.php?rest_route=\/wp\/v2\/posts"}],"about":[{"href":"https:\/\/inquietudearquitetura.pt\/index.php?rest_route=\/wp\/v2\/types\/post"}],"author":[{"embeddable":true,"href":"https:\/\/inquietudearquitetura.pt\/index.php?rest_route=\/wp\/v2\/users\/1"}],"replies":[{"embeddable":true,"href":"https:\/\/inquietudearquitetura.pt\/index.php?rest_route=%2Fwp%2Fv2%2Fcomments&post=825"}],"version-history":[{"count":7,"href":"https:\/\/inquietudearquitetura.pt\/index.php?rest_route=\/wp\/v2\/posts\/825\/revisions"}],"predecessor-version":[{"id":1037,"href":"https:\/\/inquietudearquitetura.pt\/index.php?rest_route=\/wp\/v2\/posts\/825\/revisions\/1037"}],"wp:featuredmedia":[{"embeddable":true,"href":"https:\/\/inquietudearquitetura.pt\/index.php?rest_route=\/wp\/v2\/media\/826"}],"wp:attachment":[{"href":"https:\/\/inquietudearquitetura.pt\/index.php?rest_route=%2Fwp%2Fv2%2Fmedia&parent=825"}],"wp:term":[{"taxonomy":"category","embeddable":true,"href":"https:\/\/inquietudearquitetura.pt\/index.php?rest_route=%2Fwp%2Fv2%2Fcategories&post=825"},{"taxonomy":"post_tag","embeddable":true,"href":"https:\/\/inquietudearquitetura.pt\/index.php?rest_route=%2Fwp%2Fv2%2Ftags&post=825"}],"curies":[{"name":"wp","href":"https:\/\/api.w.org\/{rel}","templated":true}]}}