{"id":888,"date":"2023-08-04T09:37:25","date_gmt":"2023-08-04T09:37:25","guid":{"rendered":"https:\/\/inquietudearquitetura.pt\/?p=888"},"modified":"2023-10-23T14:56:46","modified_gmt":"2023-10-23T14:56:46","slug":"inquietude-arquitetura-na-revista-anteprojetos","status":"publish","type":"post","link":"https:\/\/inquietudearquitetura.pt\/?p=888","title":{"rendered":"Inquietude Arquitetura na Revista Anteprojetos"},"content":{"rendered":"\n<p class=\"has-text-align-left\" style=\"font-size:clamp(14px, 0.875rem + ((1vw - 3.2px) * 0.088), 15px);\">Novo artigo sobre o projeto \u201cCasa das Oliveirinhas&#8221; em Azeit\u00e3o, na edi\u00e7\u00e3o de Junho<\/p>\n","protected":false},"excerpt":{"rendered":"<p>Novo artigo sobre o projeto \u201cCasa das Oliveirinhas&#8221; em Azeit\u00e3o, na edi\u00e7\u00e3o de Junho<\/p>\n","protected":false},"author":1,"featured_media":891,"comment_status":"closed","ping_status":"closed","sticky":false,"template":"","format":"standard","meta":{"footnotes":""},"categories":[5],"tags":[],"class_list":["post-888","post","type-post","status-publish","format-standard","has-post-thumbnail","hentry","category-novas-moradias"],"_links":{"self":[{"href":"https:\/\/inquietudearquitetura.pt\/index.php?rest_route=\/wp\/v2\/posts\/888","targetHints":{"allow":["GET"]}}],"collection":[{"href":"https:\/\/inquietudearquitetura.pt\/index.php?rest_route=\/wp\/v2\/posts"}],"about":[{"href":"https:\/\/inquietudearquitetura.pt\/index.php?rest_route=\/wp\/v2\/types\/post"}],"author":[{"embeddable":true,"href":"https:\/\/inquietudearquitetura.pt\/index.php?rest_route=\/wp\/v2\/users\/1"}],"replies":[{"embeddable":true,"href":"https:\/\/inquietudearquitetura.pt\/index.php?rest_route=%2Fwp%2Fv2%2Fcomments&post=888"}],"version-history":[{"count":6,"href":"https:\/\/inquietudearquitetura.pt\/index.php?rest_route=\/wp\/v2\/posts\/888\/revisions"}],"predecessor-version":[{"id":1034,"href":"https:\/\/inquietudearquitetura.pt\/index.php?rest_route=\/wp\/v2\/posts\/888\/revisions\/1034"}],"wp:featuredmedia":[{"embeddable":true,"href":"https:\/\/inquietudearquitetura.pt\/index.php?rest_route=\/wp\/v2\/media\/891"}],"wp:attachment":[{"href":"https:\/\/inquietudearquitetura.pt\/index.php?rest_route=%2Fwp%2Fv2%2Fmedia&parent=888"}],"wp:term":[{"taxonomy":"category","embeddable":true,"href":"https:\/\/inquietudearquitetura.pt\/index.php?rest_route=%2Fwp%2Fv2%2Fcategories&post=888"},{"taxonomy":"post_tag","embeddable":true,"href":"https:\/\/inquietudearquitetura.pt\/index.php?rest_route=%2Fwp%2Fv2%2Ftags&post=888"}],"curies":[{"name":"wp","href":"https:\/\/api.w.org\/{rel}","templated":true}]}}