{"id":995,"date":"2023-10-04T10:55:57","date_gmt":"2023-10-04T10:55:57","guid":{"rendered":"https:\/\/inquietudearquitetura.pt\/?p=995"},"modified":"2023-10-23T14:56:27","modified_gmt":"2023-10-23T14:56:27","slug":"habitacao-e-central-entre-passado-e-futuro-desafios-e-reinvencoes-da-habitacao-popular-em-sao-paulo-brasil-e-porto-portugal","status":"publish","type":"post","link":"https:\/\/inquietudearquitetura.pt\/?p=995","title":{"rendered":"HABITA\u00c7\u00c3O \u00c9 CENTRAL: Desafios e Reinven\u00e7\u00f5es da Habita\u00e7\u00e3o Popular em S\u00e3o Paulo (Brasil) e Porto (Portugal)\u00a0"},"content":{"rendered":"\n<p class=\"has-text-align-left\" style=\"font-size:clamp(14px, 0.875rem + ((1vw - 3.2px) * 0.088), 15px);font-style:normal;font-weight:100\">Foi com grande prazer que assisti \u00e0 aula\/confer\u00eancia da Faculdade de Arquitetura e Urbanismo Mackenzie de S\u00e3o Paulo sobre interessantes e urgentemente necess\u00e1rios programas para alojamento de fam\u00edlias carenciadas na cidade, que podem bem servir de exemplo ao territ\u00f3rio portugu\u00eas. Foram enriquecedoras as interven\u00e7\u00f5es dos colegas brasileiros e portugueses, entre os quais tive o privil\u00e9gio de ser convidado a dar alguns modestos contributos sobre o tema, centrados ao territ\u00f3rio nacional.&nbsp;<\/p>\n\n\n\n<p class=\"has-text-align-left\" style=\"font-size:clamp(14px, 0.875rem + ((1vw - 3.2px) * 0.088), 15px);font-style:normal;font-weight:100\">Um tema cada vez mais atual e sobre o qual devem ser focadas as aten\u00e7\u00f5es e, principalmente, a\u00e7\u00f5es. <\/p>\n","protected":false},"excerpt":{"rendered":"<p>Foi com grande prazer que assisti \u00e0 aula\/confer\u00eancia da Faculdade de Arquitetura e Urbanismo Mackenzie de S\u00e3o Paulo sobre interessantes e urgentemente necess\u00e1rios programas para alojamento de fam\u00edlias carenciadas na cidade, que podem bem servir de exemplo ao territ\u00f3rio portugu\u00eas. Foram enriquecedoras as interven\u00e7\u00f5es dos colegas brasileiros e portugueses, entre os quais tive o privil\u00e9gio &hellip; <\/p>\n<p class=\"link-more\"><a href=\"https:\/\/inquietudearquitetura.pt\/?p=995\" class=\"more-link\">Read more<span class=\"screen-reader-text\"> &#8220;HABITA\u00c7\u00c3O \u00c9 CENTRAL: Desafios e Reinven\u00e7\u00f5es da Habita\u00e7\u00e3o Popular em S\u00e3o Paulo (Brasil) e Porto (Portugal)\u00a0&#8220;<\/span><\/a><\/p>\n","protected":false},"author":1,"featured_media":992,"comment_status":"closed","ping_status":"closed","sticky":false,"template":"","format":"standard","meta":{"footnotes":""},"categories":[10],"tags":[],"class_list":["post-995","post","type-post","status-publish","format-standard","has-post-thumbnail","hentry","category-conferencias"],"_links":{"self":[{"href":"https:\/\/inquietudearquitetura.pt\/index.php?rest_route=\/wp\/v2\/posts\/995","targetHints":{"allow":["GET"]}}],"collection":[{"href":"https:\/\/inquietudearquitetura.pt\/index.php?rest_route=\/wp\/v2\/posts"}],"about":[{"href":"https:\/\/inquietudearquitetura.pt\/index.php?rest_route=\/wp\/v2\/types\/post"}],"author":[{"embeddable":true,"href":"https:\/\/inquietudearquitetura.pt\/index.php?rest_route=\/wp\/v2\/users\/1"}],"replies":[{"embeddable":true,"href":"https:\/\/inquietudearquitetura.pt\/index.php?rest_route=%2Fwp%2Fv2%2Fcomments&post=995"}],"version-history":[{"count":7,"href":"https:\/\/inquietudearquitetura.pt\/index.php?rest_route=\/wp\/v2\/posts\/995\/revisions"}],"predecessor-version":[{"id":1033,"href":"https:\/\/inquietudearquitetura.pt\/index.php?rest_route=\/wp\/v2\/posts\/995\/revisions\/1033"}],"wp:featuredmedia":[{"embeddable":true,"href":"https:\/\/inquietudearquitetura.pt\/index.php?rest_route=\/wp\/v2\/media\/992"}],"wp:attachment":[{"href":"https:\/\/inquietudearquitetura.pt\/index.php?rest_route=%2Fwp%2Fv2%2Fmedia&parent=995"}],"wp:term":[{"taxonomy":"category","embeddable":true,"href":"https:\/\/inquietudearquitetura.pt\/index.php?rest_route=%2Fwp%2Fv2%2Fcategories&post=995"},{"taxonomy":"post_tag","embeddable":true,"href":"https:\/\/inquietudearquitetura.pt\/index.php?rest_route=%2Fwp%2Fv2%2Ftags&post=995"}],"curies":[{"name":"wp","href":"https:\/\/api.w.org\/{rel}","templated":true}]}}